{"id":20453,"date":"2026-09-01T12:58:15","date_gmt":"2026-09-01T10:58:15","guid":{"rendered":"https:\/\/dariuszdylag.pl\/?p=20453"},"modified":"2026-09-01T12:58:15","modified_gmt":"2026-09-01T10:58:15","slug":"wedrujemy-by-pamietac","status":"publish","type":"post","link":"https:\/\/dariuszdylag.pl\/?p=20453","title":{"rendered":"W\u0119drujemy by pami\u0119ta\u0107"},"content":{"rendered":"\n<p class=\"wp-block-paragraph\">W imieniu Organizator\u00f3w zapraszam na 7. Rajd \u015aladami Armii Krajowej w masywie Kotonia. Szczeg\u00f3\u0142y na plakacie poni\u017cej. W tym roku b\u0119dzie niespodzianka. Wznowienie okoliczno\u015bciowe pierwotnego wydania z 1998 roku &#8216;Dziennika Stok\u0142osy 1944&#8217;, autorstwa \u017cony przedostatniego komendanta My\u015blenickiego Obwodu Armii Krajowej &#8216;Murawa&#8217;, por. Wincentego Horody\u0144skiego, ps. <em>Ko\u015bciesza<\/em>. Dziennik Zofii Horody\u0144skiej, zapisywany od lipca do grudnia 1944 r., niemal\u017ce dzie\u0144 po dniu, opracowa\u0142 krytycznie i opatrzy\u0142 stosown\u0105 bibliografi\u0105 naukow\u0105 oraz przypisami dr Dariusz Dyl\u0105g. Wydrukowano 50 r\u0119cznie numerowanych egzemplarzy z okazji uroczysto\u015bci upami\u0119tniaj\u0105cych bitw\u0119 pod Kotoniem z 29 listopada 1944 r. oraz zbrodnicz\u0105 niemieck\u0105 pacyfikacj\u0119 Zawadki 29 listopada i 4 grudnia 1944 r. Ca\u0142kowity doch\u00f3d ze sprzeda\u017cy przeznaczony jest na wykonanie 25. kommemoratywnych tablic zlokalizowanych dok\u0142adnie w miejscach akcji, potyczek i bitew oddzia\u0142\u00f3w partyzanckich My\u015blenickiego Obwodu AK &#8216;Murawa&#8217;.<\/p>\n\n\n<div class=\"wp-block-image\">\n<figure class=\"aligncenter size-large\"><a href=\"https:\/\/dariuszdylag.pl\/wp-content\/uploads\/2026\/09\/2026-zawadka.jpg\"><img loading=\"lazy\" decoding=\"async\" width=\"683\" height=\"1024\" src=\"https:\/\/dariuszdylag.pl\/wp-content\/uploads\/2026\/09\/2026-zawadka-683x1024.jpg\" alt=\"\" class=\"wp-image-20454\" srcset=\"https:\/\/dariuszdylag.pl\/wp-content\/uploads\/2026\/09\/2026-zawadka-683x1024.jpg 683w, https:\/\/dariuszdylag.pl\/wp-content\/uploads\/2026\/09\/2026-zawadka-200x300.jpg 200w, https:\/\/dariuszdylag.pl\/wp-content\/uploads\/2026\/09\/2026-zawadka-768x1152.jpg 768w, https:\/\/dariuszdylag.pl\/wp-content\/uploads\/2026\/09\/2026-zawadka.jpg 1024w\" sizes=\"auto, (max-width: 683px) 100vw, 683px\" \/><\/a><\/figure>\n<\/div>","protected":false},"excerpt":{"rendered":"<p>W imieniu Organizator\u00f3w zapraszam na 7. Rajd \u015aladami Armii Krajowej w masywie Kotonia. Szczeg\u00f3\u0142y na plakacie poni\u017cej. W tym roku b\u0119dzie niespodzianka. Wznowienie okoliczno\u015bciowe pierwotnego wydania z 1998 roku &#8216;Dziennika Stok\u0142osy 1944&#8217;, autorstwa \u017cony przedostatniego komendanta My\u015blenickiego Obwodu Armii Krajowej &#8216;Murawa&#8217;, por. Wincentego Horody\u0144skiego, ps. Ko\u015bciesza. Dziennik Zofii Horody\u0144skiej, zapisywany od lipca do grudnia 1944 [&hellip;]<\/p>\n","protected":false},"author":1,"featured_media":20454,"comment_status":"closed","ping_status":"closed","sticky":false,"template":"","format":"standard","meta":{"ngg_post_thumbnail":0,"footnotes":""},"categories":[219],"tags":[240,46,41],"class_list":["post-20453","post","type-post","status-publish","format-standard","has-post-thumbnail","category-dawnosc","tag-ak-murawa","tag-armia-krajowa","tag-beskid-myslenicki","czr-hentry"],"_links":{"self":[{"href":"https:\/\/dariuszdylag.pl\/index.php?rest_route=\/wp\/v2\/posts\/20453","targetHints":{"allow":["GET"]}}],"collection":[{"href":"https:\/\/dariuszdylag.pl\/index.php?rest_route=\/wp\/v2\/posts"}],"about":[{"href":"https:\/\/dariuszdylag.pl\/index.php?rest_route=\/wp\/v2\/types\/post"}],"author":[{"embeddable":true,"href":"https:\/\/dariuszdylag.pl\/index.php?rest_route=\/wp\/v2\/users\/1"}],"replies":[{"embeddable":true,"href":"https:\/\/dariuszdylag.pl\/index.php?rest_route=%2Fwp%2Fv2%2Fcomments&post=20453"}],"version-history":[{"count":1,"href":"https:\/\/dariuszdylag.pl\/index.php?rest_route=\/wp\/v2\/posts\/20453\/revisions"}],"predecessor-version":[{"id":20455,"href":"https:\/\/dariuszdylag.pl\/index.php?rest_route=\/wp\/v2\/posts\/20453\/revisions\/20455"}],"wp:featuredmedia":[{"embeddable":true,"href":"https:\/\/dariuszdylag.pl\/index.php?rest_route=\/wp\/v2\/media\/20454"}],"wp:attachment":[{"href":"https:\/\/dariuszdylag.pl\/index.php?rest_route=%2Fwp%2Fv2%2Fmedia&parent=20453"}],"wp:term":[{"taxonomy":"category","embeddable":true,"href":"https:\/\/dariuszdylag.pl\/index.php?rest_route=%2Fwp%2Fv2%2Fcategories&post=20453"},{"taxonomy":"post_tag","embeddable":true,"href":"https:\/\/dariuszdylag.pl\/index.php?rest_route=%2Fwp%2Fv2%2Ftags&post=20453"}],"curies":[{"name":"wp","href":"https:\/\/api.w.org\/{rel}","templated":true}]}}